{"id":223,"date":"2011-08-07T13:10:54","date_gmt":"2011-08-07T13:10:54","guid":{"rendered":"http:\/\/christineschaffner.ch\/?p=223"},"modified":"2011-08-07T13:10:54","modified_gmt":"2011-08-07T13:10:54","slug":"pausenlos-unterwegs","status":"publish","type":"post","link":"https:\/\/www.christineschaffner.ch\/?p=223","title":{"rendered":"Pausenlos unterwegs&#8230;"},"content":{"rendered":"<p>In den letzten 10 Wochen war ich viel unterwegs und habe meinen Blog leider etwas vernachl\u00e4ssigt. Auf der Karte unten und in den n\u00e4chsten Beitr\u00e4gen ein paar Highlights daraus.<\/p>\n<p>[googlemaps http:\/\/maps.google.ch\/maps\/ms?msa=0&amp;amp;ie=UTF8&amp;amp;msid=214954742995592243302.0004a9e63fc979988cccb&amp;amp;ll=55.128649,11.162109&amp;amp;spn=25.324977,56.25&amp;amp;z=4&amp;amp;output=embed&amp;w=640&amp;h=500]<\/p>\n<h2>World Ranking Events Schweiz<\/h2>\n<p>Die Wettk\u00e4mpfe am 28. und 29. Mai hatten zahlreiche Titel und Untertitel:<\/p>\n<ul>\n<li>28. Mai:\u00a0Th\u00f6mus regiObike,\u00a01. Bike-OL Sprint der Schweiz,\u00a0World Ranking Event,\u00a0Lauf des Bike-OL Swiss Cups, WM-Selektionlauf<\/li>\n<li>29. Mai: \u00a0Th\u00f6mus Winti Bike-OL, Mitteldistanz-SM, World Ranking Event, Lauf des Bike-OL Swiss Cup, WM-Selektionlauf<\/li>\n<\/ul>\n<div id=\"attachment_228\" style=\"width: 410px\" class=\"wp-caption alignright\"><a href=\"http:\/\/www.christineschaffner.ch\/wp-content\/uploads\/2011\/08\/michi_chrige.jpg\"><img loading=\"lazy\" decoding=\"async\" aria-describedby=\"caption-attachment-228\" class=\"size-full wp-image-228\" title=\"michi_chrige\" src=\"http:\/\/www.christineschaffner.ch\/wp-content\/uploads\/2011\/08\/michi_chrige.jpg\" alt=\"\" width=\"400\" height=\"265\" srcset=\"https:\/\/www.christineschaffner.ch\/wp-content\/uploads\/2011\/08\/michi_chrige.jpg 400w, https:\/\/www.christineschaffner.ch\/wp-content\/uploads\/2011\/08\/michi_chrige-300x199.jpg 300w\" sizes=\"auto, (max-width: 400px) 100vw, 400px\" \/><\/a><p id=\"caption-attachment-228\" class=\"wp-caption-text\">Beim Massenstart mit Michi Gigon (Foto: Walter Rahm).<\/p><\/div>\n<p>Im Sprint am Samstag liefs mir nicht ganz ideal und ich musste meiner Th\u00f6mus-Team-Kollegin Michaela Gigon den Vortritt lassen. Meine physische Verfassung ist sehr gut, leider unterlaufen mir immer wieder dumme kleine Fehler die in einem Sprint nicht drinliegen, wenn man gewinnen will! Daf\u00fcr gewann ich am Sonntag die Mitteldistanz-SM mit Massenstart. Das Rennen war eher einfach und mit Massenstart und Schlaufen physisch anspruchsvoll. Mit Michaela Gigon und Rikke Kornvig (D\u00e4nemark) war auch ganz starke ausl\u00e4ndische Konkurrenz am Start. Einen\u00a0<a href=\"http:\/\/www.swiss-orienteering.ch\/index.php?option=com_content&amp;task=view&amp;id=1345&amp;Itemid=163\" target=\"_blank\">ausf\u00fchrlichen Bericht<\/a>\u00a0gibts auf der Swiss Orienteering Website.<\/p>\n<div id=\"attachment_261\" style=\"width: 610px\" class=\"wp-caption alignright\"><img loading=\"lazy\" decoding=\"async\" aria-describedby=\"caption-attachment-261\" class=\"size-large wp-image-261\" title=\"Beat3\" src=\"http:\/\/www.christineschaffner.ch\/wp-content\/uploads\/2011\/08\/beat3.jpg?w=600\" alt=\"\" width=\"600\" height=\"396\" srcset=\"https:\/\/www.christineschaffner.ch\/wp-content\/uploads\/2011\/08\/beat3.jpg 1024w, https:\/\/www.christineschaffner.ch\/wp-content\/uploads\/2011\/08\/beat3-300x198.jpg 300w, https:\/\/www.christineschaffner.ch\/wp-content\/uploads\/2011\/08\/beat3-624x413.jpg 624w\" sizes=\"auto, (max-width: 600px) 100vw, 600px\" \/><p id=\"caption-attachment-261\" class=\"wp-caption-text\">Beat legt sich im Sprint in die Kurve.<\/p><\/div>\n","protected":false},"excerpt":{"rendered":"<p>In den letzten 10 Wochen war ich viel unterwegs und habe meinen Blog leider etwas vernachl\u00e4ssigt. Auf der Karte unten und in den n\u00e4chsten Beitr\u00e4gen ein paar Highlights daraus. [googlemaps http:\/\/maps.google.ch\/maps\/ms?msa=0&amp;amp;ie=UTF8&amp;amp;msid=214954742995592243302.0004a9e63fc979988cccb&amp;amp;ll=55.128649,11.162109&amp;amp;spn=25.324977,56.25&amp;amp;z=4&amp;amp;output=embed&amp;w=640&amp;h=500] World Ranking Events Schweiz Die Wettk\u00e4mpfe am 28. und &hellip; <a href=\"https:\/\/www.christineschaffner.ch\/?p=223\">Weiterlesen <span class=\"meta-nav\">&rarr;<\/span><\/a><\/p>\n","protected":false},"author":2,"featured_media":0,"comment_status":"open","ping_status":"open","sticky":false,"template":"","format":"standard","meta":{"footnotes":""},"categories":[1],"tags":[],"class_list":["post-223","post","type-post","status-publish","format-standard","hentry","category-uncategorized"],"_links":{"self":[{"href":"https:\/\/www.christineschaffner.ch\/index.php?rest_route=\/wp\/v2\/posts\/223","targetHints":{"allow":["GET"]}}],"collection":[{"href":"https:\/\/www.christineschaffner.ch\/index.php?rest_route=\/wp\/v2\/posts"}],"about":[{"href":"https:\/\/www.christineschaffner.ch\/index.php?rest_route=\/wp\/v2\/types\/post"}],"author":[{"embeddable":true,"href":"https:\/\/www.christineschaffner.ch\/index.php?rest_route=\/wp\/v2\/users\/2"}],"replies":[{"embeddable":true,"href":"https:\/\/www.christineschaffner.ch\/index.php?rest_route=%2Fwp%2Fv2%2Fcomments&post=223"}],"version-history":[{"count":0,"href":"https:\/\/www.christineschaffner.ch\/index.php?rest_route=\/wp\/v2\/posts\/223\/revisions"}],"wp:attachment":[{"href":"https:\/\/www.christineschaffner.ch\/index.php?rest_route=%2Fwp%2Fv2%2Fmedia&parent=223"}],"wp:term":[{"taxonomy":"category","embeddable":true,"href":"https:\/\/www.christineschaffner.ch\/index.php?rest_route=%2Fwp%2Fv2%2Fcategories&post=223"},{"taxonomy":"post_tag","embeddable":true,"href":"https:\/\/www.christineschaffner.ch\/index.php?rest_route=%2Fwp%2Fv2%2Ftags&post=223"}],"curies":[{"name":"wp","href":"https:\/\/api.w.org\/{rel}","templated":true}]}}